{"id":47953,"date":"2020-11-10T00:01:19","date_gmt":"2020-11-09T23:01:19","guid":{"rendered":"https:\/\/smca.umh.es\/?p=47953"},"modified":"2021-09-20T14:01:04","modified_gmt":"2021-09-20T12:01:04","slug":"formacion-del-pas-sobre-firma-electronica-en-2020","status":"publish","type":"post","link":"https:\/\/smca.umh.es\/ca\/2020\/11\/10\/formacion-del-pas-sobre-firma-electronica-en-2020\/","title":{"rendered":"Formaci\u00f3 del PAS sobre Firma Electr\u00f2nica en 2020"},"content":{"rendered":"<p>Dins del Pla de Formaci\u00f3 del PAS s&#8217;imparteix de manera virtual el curs de formaci\u00f3 &#8220;TALLER DE SIGNATURA I SEU ELECTR\u00d2NICA&#8221;, amb&nbsp;tres edicions&nbsp;els dies&nbsp;10, 17 i 24 de novembre de 16.00 a 19.00 hores. El total de persones inscrites han sigut 97.&nbsp; L&#8217;objectiu del curs \u00e9s donar a&nbsp;con\u00e9ixer les eines b\u00e0siques que donen suport a l&#8217;administraci\u00f3 electr\u00f2nica perqu\u00e8 el personal siga capa\u00e7 d&#8217;operar de manera individual amb els diferents serveis d&#8217;Administraci\u00f3 electr\u00f2nica que posa a disposici\u00f3 la Universitat.<\/p>\n<p><a href=\"https:\/\/smca.umh.es\/files\/2021\/09\/network-3148727-1024x683.jpg\"><img loading=\"lazy\" class=\"aligncenter size-medium wp-image-47956\" src=\"https:\/\/smca.umh.es\/files\/2021\/09\/network-3148727-1024x683-300x200.jpg\" alt=\"\" width=\"300\" height=\"200\" srcset=\"https:\/\/smca.umh.es\/files\/2021\/09\/network-3148727-1024x683-300x200.jpg 300w, https:\/\/smca.umh.es\/files\/2021\/09\/network-3148727-1024x683-768x512.jpg 768w, https:\/\/smca.umh.es\/files\/2021\/09\/network-3148727-1024x683.jpg 1024w\" sizes=\"(max-width: 300px) 100vw, 300px\" \/><\/a><\/p>\n<div class='bookmarkify'><a name='bookmarkify'><\/a><div class='linkbuttons'><a href='http:\/\/www.facebook.com\/share.php?u=https:\/\/smca.umh.es\/ca\/2020\/11\/10\/formacion-del-pas-sobre-firma-electronica-en-2020\/' title='Save to Facebook' onclick='target=\"_blank\";' rel='nofollow'><img src='https:\/\/smca.umh.es\/wp-content\/plugins\/bookmarkify\/facebook.png' style='width:16px; height:16px;' alt='[Facebook] ' \/><\/a> <a href='http:\/\/www.google.com\/bookmarks\/mark?op=edit&amp;output=popup&amp;bkmk=https:\/\/smca.umh.es\/ca\/2020\/11\/10\/formacion-del-pas-sobre-firma-electronica-en-2020\/&amp;title=Formaci\u00f3 del PAS sobre Firma Electr\u00f2nica en 2020' title='Save to Google Bookmarks' onclick='target=\"_blank\";' rel='nofollow'><img src='https:\/\/smca.umh.es\/wp-content\/plugins\/bookmarkify\/google.png' style='width:16px; height:16px;' alt='[Google] ' \/><\/a> <a href='http:\/\/www.linkedin.com\/shareArticle?mini=true&url=https:\/\/smca.umh.es\/ca\/2020\/11\/10\/formacion-del-pas-sobre-firma-electronica-en-2020\/&title=Formaci\u00f3 del PAS sobre Firma Electr\u00f2nica en 2020' title='Share on LinkedIn' onclick='target=\"_blank\";' rel='nofollow'><img src='https:\/\/smca.umh.es\/wp-content\/plugins\/bookmarkify\/linkedin.png' style='width:16px; height:16px;' alt='[LinkedIn] ' \/><\/a> <a href='http:\/\/twitter.com\/home\/?status=Formaci\u00f3 del PAS sobre Firma Electr\u00f2nica en 2020+https:\/\/smca.umh.es\/ca\/2020\/11\/10\/formacion-del-pas-sobre-firma-electronica-en-2020\/' title='Save to Twitter' onclick='target=\"_blank\";' rel='nofollow'><img src='https:\/\/smca.umh.es\/wp-content\/plugins\/bookmarkify\/twitter.png' style='width:16px; height:16px;' alt='[Twitter] ' \/><\/a> <\/div><\/div>","protected":false},"excerpt":{"rendered":"<p>Dins del Pla de Formaci\u00f3 del PAS s&#8217;imparteix de manera virtual el curs de formaci\u00f3 &#8220;TALLER DE SIGNATURA I SEU ELECTR\u00d2NICA&#8221;, amb&nbsp;tres edicions&nbsp;els dies&nbsp;10, 17 i 24 de novembre de 16.00 a 19.00 hores. El total de persones inscrites han sigut 97.&nbsp; L&#8217;objectiu del curs \u00e9s donar a&nbsp;con\u00e9ixer les eines b\u00e0siques que donen suport a [&#8230;]<\/p>\n","protected":false},"author":416,"featured_media":0,"comment_status":"closed","ping_status":"open","sticky":false,"template":"","format":"standard","meta":{"ngg_post_thumbnail":0,"_links_to":"","_links_to_target":""},"categories":[206],"tags":[],"_links":{"self":[{"href":"https:\/\/smca.umh.es\/ca\/wp-json\/wp\/v2\/posts\/47953"}],"collection":[{"href":"https:\/\/smca.umh.es\/ca\/wp-json\/wp\/v2\/posts"}],"about":[{"href":"https:\/\/smca.umh.es\/ca\/wp-json\/wp\/v2\/types\/post"}],"author":[{"embeddable":true,"href":"https:\/\/smca.umh.es\/ca\/wp-json\/wp\/v2\/users\/416"}],"replies":[{"embeddable":true,"href":"https:\/\/smca.umh.es\/ca\/wp-json\/wp\/v2\/comments?post=47953"}],"version-history":[{"count":0,"href":"https:\/\/smca.umh.es\/ca\/wp-json\/wp\/v2\/posts\/47953\/revisions"}],"wp:attachment":[{"href":"https:\/\/smca.umh.es\/ca\/wp-json\/wp\/v2\/media?parent=47953"}],"wp:term":[{"taxonomy":"category","embeddable":true,"href":"https:\/\/smca.umh.es\/ca\/wp-json\/wp\/v2\/categories?post=47953"},{"taxonomy":"post_tag","embeddable":true,"href":"https:\/\/smca.umh.es\/ca\/wp-json\/wp\/v2\/tags?post=47953"}],"curies":[{"name":"wp","href":"https:\/\/api.w.org\/{rel}","templated":true}]}}