{"id":47991,"date":"2021-09-29T08:38:06","date_gmt":"2021-09-29T06:38:06","guid":{"rendered":"https:\/\/smca.umh.es\/?p=47991"},"modified":"2021-10-01T10:01:51","modified_gmt":"2021-10-01T08:01:51","slug":"la-umh-ya-esta-adherida-al-servicio-de-la-direccion-electronica-habilitada-unica-dehu","status":"publish","type":"post","link":"https:\/\/smca.umh.es\/ca\/2021\/09\/29\/la-umh-ya-esta-adherida-al-servicio-de-la-direccion-electronica-habilitada-unica-dehu\/","title":{"rendered":"La UMH ja est\u00e0 adherida al servei de l&#8217;Adre\u00e7a Electr\u00f2nica Habilitada \u00danica (DEH\u00fa)"},"content":{"rendered":"<p>El servei de notificacions electr\u00f2niques de l&#8217;Adre\u00e7a Electr\u00f2nica Habilitada \u00danica (DEH\u00fa) facilita als interessats, tant persones f\u00edsiques com jur\u00eddiques, l&#8217;acc\u00e9s i compareixen\u00e7a a les notificacions i\/o comunicacions en qu\u00e8 figuren com a titular o destinatari emeses per les diferents Administracions P\u00fabliques integrades en el servei.<\/p>\n<p>La DEH\u00fa permet als destinataris de notificacions electr\u00f2niques tindre acc\u00e9s en un sol punt i aix\u00ed reduir la dispersi\u00f3 d&#8217;enviaments de notificacions de diferents Administracions.<\/p>\n<p>L&#8217;adhesi\u00f3 de la UMH a la DEH\u00fa es realitza gr\u00e0cies a la integraci\u00f3 que t\u00e9 la Universitat, des de l&#8217;any 2018, amb el servei NOTIFICA. Amb aix\u00f2, les notificacions que emet la UMH, a m\u00e9s d&#8217;estar disponibles en la seua Seu electr\u00f2nica tamb\u00e9 es depositen autom\u00e0ticament en la DEH\u00fa.<\/p>\n<p>La UMH \u00e9s una de la 9 universitats p\u00fabliques espanyoles que ja estan adherides a la DEH\u00fa. Amb l&#8217;entrada en aquest servei la UMH facilita als interessats l&#8217;acc\u00e9s a les seues notificacions de manera senzilla i directa.<\/p>\n<p><a href=\"https:\/\/comunicacion.umh.es\/2021\/09\/29\/la-umh-se-adhiere-al-servicio-de-notificaciones-electronicas-de-la-direccion-electronica-habilitada-unica-dehu\/\">Llegir la not\u00edcia completa en el Servei de Comunicaci\u00f3.<\/a><\/p>\n<p><a href=\"https:\/\/smca.umh.es\/files\/2021\/10\/29-09-21-adhesi\u00f3n-dehu.jpg\"><img loading=\"lazy\" class=\"aligncenter size-full wp-image-47985\" src=\"https:\/\/smca.umh.es\/files\/2021\/10\/29-09-21-adhesi\u00f3n-dehu.jpg\" alt=\"\" width=\"151\" height=\"111\" srcset=\"https:\/\/smca.umh.es\/files\/2021\/10\/29-09-21-adhesi\u00f3n-dehu.jpg 151w, https:\/\/smca.umh.es\/files\/2021\/10\/29-09-21-adhesi\u00f3n-dehu-150x111.jpg 150w\" sizes=\"(max-width: 151px) 100vw, 151px\" \/><\/a><\/p>\n<div class='bookmarkify'><a name='bookmarkify'><\/a><div class='linkbuttons'><a href='http:\/\/www.facebook.com\/share.php?u=https:\/\/smca.umh.es\/ca\/2021\/09\/29\/la-umh-ya-esta-adherida-al-servicio-de-la-direccion-electronica-habilitada-unica-dehu\/' title='Save to Facebook' onclick='target=\"_blank\";' rel='nofollow'><img src='https:\/\/smca.umh.es\/wp-content\/plugins\/bookmarkify\/facebook.png' style='width:16px; height:16px;' alt='[Facebook] ' \/><\/a> <a href='http:\/\/www.google.com\/bookmarks\/mark?op=edit&amp;output=popup&amp;bkmk=https:\/\/smca.umh.es\/ca\/2021\/09\/29\/la-umh-ya-esta-adherida-al-servicio-de-la-direccion-electronica-habilitada-unica-dehu\/&amp;title=La UMH ja est\u00e0 adherida al servei de l&#8217;Adre\u00e7a Electr\u00f2nica Habilitada \u00danica (DEH\u00fa)' title='Save to Google Bookmarks' onclick='target=\"_blank\";' rel='nofollow'><img src='https:\/\/smca.umh.es\/wp-content\/plugins\/bookmarkify\/google.png' style='width:16px; height:16px;' alt='[Google] ' \/><\/a> <a href='http:\/\/www.linkedin.com\/shareArticle?mini=true&url=https:\/\/smca.umh.es\/ca\/2021\/09\/29\/la-umh-ya-esta-adherida-al-servicio-de-la-direccion-electronica-habilitada-unica-dehu\/&title=La UMH ja est\u00e0 adherida al servei de l&#8217;Adre\u00e7a Electr\u00f2nica Habilitada \u00danica (DEH\u00fa)' title='Share on LinkedIn' onclick='target=\"_blank\";' rel='nofollow'><img src='https:\/\/smca.umh.es\/wp-content\/plugins\/bookmarkify\/linkedin.png' style='width:16px; height:16px;' alt='[LinkedIn] ' \/><\/a> <a href='http:\/\/twitter.com\/home\/?status=La UMH ja est\u00e0 adherida al servei de l&#8217;Adre\u00e7a Electr\u00f2nica Habilitada \u00danica (DEH\u00fa)+https:\/\/smca.umh.es\/ca\/2021\/09\/29\/la-umh-ya-esta-adherida-al-servicio-de-la-direccion-electronica-habilitada-unica-dehu\/' title='Save to Twitter' onclick='target=\"_blank\";' rel='nofollow'><img src='https:\/\/smca.umh.es\/wp-content\/plugins\/bookmarkify\/twitter.png' style='width:16px; height:16px;' alt='[Twitter] ' \/><\/a> <\/div><\/div>","protected":false},"excerpt":{"rendered":"<p>El servei de notificacions electr\u00f2niques de l&#8217;Adre\u00e7a Electr\u00f2nica Habilitada \u00danica (DEH\u00fa) facilita als interessats, tant persones f\u00edsiques com jur\u00eddiques, l&#8217;acc\u00e9s i compareixen\u00e7a a les notificacions i\/o comunicacions en qu\u00e8 figuren com a titular o destinatari emeses per les diferents Administracions P\u00fabliques integrades en el servei.<br \/>\nLa DEH\u00fa permet als destinataris de notificacions electr\u00f2niques tindre acc\u00e9s en [&#8230;]<\/p>\n","protected":false},"author":416,"featured_media":0,"comment_status":"closed","ping_status":"open","sticky":false,"template":"","format":"standard","meta":{"ngg_post_thumbnail":0,"_links_to":"","_links_to_target":""},"categories":[206],"tags":[],"_links":{"self":[{"href":"https:\/\/smca.umh.es\/ca\/wp-json\/wp\/v2\/posts\/47991"}],"collection":[{"href":"https:\/\/smca.umh.es\/ca\/wp-json\/wp\/v2\/posts"}],"about":[{"href":"https:\/\/smca.umh.es\/ca\/wp-json\/wp\/v2\/types\/post"}],"author":[{"embeddable":true,"href":"https:\/\/smca.umh.es\/ca\/wp-json\/wp\/v2\/users\/416"}],"replies":[{"embeddable":true,"href":"https:\/\/smca.umh.es\/ca\/wp-json\/wp\/v2\/comments?post=47991"}],"version-history":[{"count":0,"href":"https:\/\/smca.umh.es\/ca\/wp-json\/wp\/v2\/posts\/47991\/revisions"}],"wp:attachment":[{"href":"https:\/\/smca.umh.es\/ca\/wp-json\/wp\/v2\/media?parent=47991"}],"wp:term":[{"taxonomy":"category","embeddable":true,"href":"https:\/\/smca.umh.es\/ca\/wp-json\/wp\/v2\/categories?post=47991"},{"taxonomy":"post_tag","embeddable":true,"href":"https:\/\/smca.umh.es\/ca\/wp-json\/wp\/v2\/tags?post=47991"}],"curies":[{"name":"wp","href":"https:\/\/api.w.org\/{rel}","templated":true}]}}