{"id":47998,"date":"2021-06-08T00:01:02","date_gmt":"2021-06-07T22:01:02","guid":{"rendered":"https:\/\/smca.umh.es\/?p=47998"},"modified":"2021-10-04T12:00:39","modified_gmt":"2021-10-04T10:00:39","slug":"dia-internacional-de-los-archivos-2021","status":"publish","type":"post","link":"https:\/\/smca.umh.es\/ca\/2021\/06\/08\/dia-internacional-de-los-archivos-2021\/","title":{"rendered":"Dia Internacional dels Arxius 2021"},"content":{"rendered":"<p><div id=\"attachment_47661\" style=\"width: 1034px\" class=\"wp-caption aligncenter\"><a href=\"https:\/\/www.ica.org\/es\/semana-internacional-de-los-archivos-7-11-junio-2021-empoderarlosarchivos\" target=\"_blank\" rel=\"noopener noreferrer\"><img aria-describedby=\"caption-attachment-47661\" loading=\"lazy\" class=\"wp-image-47661 size-large\" src=\"https:\/\/registro.umh.es\/files\/2021\/05\/49844943_10213665990304854_5258958059748720640_n-1024x228.jpg\" alt=\"Imagen enlazada a la p\u00e1gina del Consejo Internacional de Archivos de la acci\u00f3n Empoderar los Archivos\" width=\"1024\" height=\"228\" srcset=\"https:\/\/smca.umh.es\/files\/2021\/05\/49844943_10213665990304854_5258958059748720640_n-1024x228.jpg 1024w, https:\/\/smca.umh.es\/files\/2021\/05\/49844943_10213665990304854_5258958059748720640_n-300x67.jpg 300w, https:\/\/smca.umh.es\/files\/2021\/05\/49844943_10213665990304854_5258958059748720640_n-768x171.jpg 768w, https:\/\/smca.umh.es\/files\/2021\/05\/49844943_10213665990304854_5258958059748720640_n.jpg 1800w\" sizes=\"(max-width: 1024px) 100vw, 1024px\" \/><\/a><p id=\"caption-attachment-47661\" class=\"wp-caption-text\">&nbsp;<\/p><\/div><\/p>\n<h5 style=\"text-align: center\"><a href=\"https:\/\/www.ica.org\/sites\/default\/files\/iaw2021_empoweringarchives_spa-.pdf\" target=\"_blank\" rel=\"noopener noreferrer\">Setmana Internacional dels Arxius 2021 #EmpoweringArchives, 7 a 11 de juny<\/a><\/h5>\n<p>&nbsp;<\/p>\n<p style=\"text-align: center\"><em><span style=\"color: #003366\">&#8220;Els arxius custodien decisions, actuacions i mem\u00f2ria. Els arxius conserven un patrimoni \u00fanic i irreempla\u00e7able que es transmet de generaci\u00f3 en generaci\u00f3. Els documents s\u00f3n gestionats en els arxius des del seu origen per a preservar el seu valor i el seu significat. Els documents s\u00f3n fonts fiables d&#8217;informaci\u00f3 que garanteixen la seguretat i la transpar\u00e8ncia de les actuacions administratives. Juguen un paper essencial en el desenvolupament de la societat contribuint a la constituci\u00f3 i salvaguarda de la mem\u00f2ria individual i col\u00b7lectiva. El lliure acc\u00e9s als arxius enriqueix el nostre coneixement de la societat, promou la democr\u00e0cia, protegeix els drets dels ciutadans i millora la qualitat de vida.&#8221;<\/span><\/em> <span style=\"color: #003366\">Declaraci\u00f3 Universal sobre els Arxius, aprovada en l&#8217;Assemblea General del Consell Internacional d&#8217;Arxius, Oslo, setembre de 2010.<\/span><\/p>\n<h6 style=\"text-align: center\"><strong><span style=\"color: #003366\">Per a commemorar aquesta efem\u00e8ride, des de l&#8217;Arxiu General i l&#8217;Arxiu Audiovisual de la UMH hem organitzat quatre trobades, quatre entrevistes en format podcast amb personalitats rellevants del nostre ecosistema arxiv\u00edstic.<\/span><\/strong><\/h6>\n<p>&nbsp;<\/p>\n<table style=\"border: 0px;width: 100%\">\n<tbody>\n<tr>\n<td style=\"width: 50%\">\n<div id=\"attachment_47732\" style=\"width: 160px\" class=\"wp-caption aligncenter\"><a href=\"https:\/\/audiovisuales.umh.es\/consulta-audiovisual\/pages\/detalleContenido.xhtml?idContenido=604364\" target=\"_blank\" rel=\"noopener noreferrer\"><img aria-describedby=\"caption-attachment-47732\" loading=\"lazy\" class=\"wp-image-47732 size-thumbnail\" src=\"https:\/\/registro.umh.es\/files\/2021\/06\/20210501_MJB-V7-150x150.png\" alt=\"Mercedes Jim\u00e9nez Bol\u00edvar\" width=\"150\" height=\"150\"><\/a><p id=\"caption-attachment-47732\" class=\"wp-caption-text\">&nbsp;<\/p><\/div>\n<p><div id=\"attachment_47744\" style=\"width: 59px\" class=\"wp-caption aligncenter\"><a href=\"https:\/\/audiovisuales.umh.es\/consulta-audiovisual\/pages\/detalleContenido.xhtml?idContenido=604364\" target=\"_blank\" rel=\"noopener noreferrer\"><img aria-describedby=\"caption-attachment-47744\" loading=\"lazy\" class=\"wp-image-47744\" src=\"https:\/\/registro.umh.es\/files\/2021\/06\/play_auido-150x150.png\" alt=\"Clickar sobre la imagen para acceder a la entrevista\" width=\"49\" height=\"49\"><\/a><p id=\"caption-attachment-47744\" class=\"wp-caption-text\">&nbsp;<\/p><\/div><\/td>\n<td style=\"width: 50%\"><span style=\"color: #003366\"><strong>Mercedes Jim\u00e9nez Bol\u00edvar<\/strong><\/span> <span style=\"color: #003366\">Llicenciada en Documentaci\u00f3 per la Universitat Oberta de Catalunya. Responsable de l&#8217;Arxiu Hist\u00f2ric Fotogr\u00e0fic de la Universitat de M\u00e0laga des de l&#8217;any 1996. <\/span><\/p>\n<p><span style=\"color: #003366\">\u201c<em>Els arxius es converteixen en mem\u00f2ria del que vam ser i del que vam fer<\/em>\u201d<\/span><\/td>\n<\/tr>\n<\/tbody>\n<\/table>\n<p style=\"text-align: center\">&nbsp;<\/p>\n<table style=\"border: 0px;width: 100%\">\n<tbody>\n<tr>\n<td style=\"width: 50%\"><span style=\"color: #003366\"><strong>\u00c1ngeles Afuera Heredero<\/strong> <\/span> <span style=\"color: #003366\">Doctora en Ci\u00e8ncies de la Informaci\u00f3 en la Universitat Complutense de Madrid. Lligada a la Cadena Ser des dels seus comen\u00e7aments professionals, va ser la impulsora i fundadora del Departament de Documentaci\u00f3, dirigint els processos de catalogaci\u00f3, indexaci\u00f3, minutat i automatitzaci\u00f3 dels fons radiof\u00f2nics.<\/span><\/p>\n<p><span style=\"color: #003366\"><em>\u201cLa premsa, r\u00e0dio o televisi\u00f3, en realitat, s\u00f3n la mem\u00f2ria de la societat, amb una gran import\u00e0ncia cultural patrimonial i hist\u00f2rica\u201d<\/em><\/span><\/td>\n<td style=\"width: 50%\">\n<div id=\"attachment_47738\" style=\"width: 160px\" class=\"wp-caption aligncenter\"><a href=\"https:\/\/audiovisuales.umh.es\/consulta-audiovisual\/pages\/detalleContenido.xhtml?idContenido=604363\" target=\"_blank\" rel=\"noopener noreferrer\"><img aria-describedby=\"caption-attachment-47738\" loading=\"lazy\" class=\"wp-image-47738 size-thumbnail\" src=\"https:\/\/registro.umh.es\/files\/2021\/06\/\u00c1ngeles-Afuera-150x150.jpg\" alt=\"\u00c1ngeles Afuera\" width=\"150\" height=\"150\"><\/a><p id=\"caption-attachment-47738\" class=\"wp-caption-text\">&nbsp;<\/p><\/div>\n<p><div id=\"attachment_47744\" style=\"width: 59px\" class=\"wp-caption aligncenter\"><a href=\"https:\/\/audiovisuales.umh.es\/consulta-audiovisual\/pages\/detalleContenido.xhtml?idContenido=604363\"><img aria-describedby=\"caption-attachment-47744\" loading=\"lazy\" class=\"wp-image-47744\" src=\"https:\/\/registro.umh.es\/files\/2021\/06\/play_auido-150x150.png\" alt=\"Clickar sobre la imagen para acceder a la entrevista\" width=\"49\" height=\"49\"><\/a><p id=\"caption-attachment-47744\" class=\"wp-caption-text\">&nbsp;<\/p><\/div><\/td>\n<\/tr>\n<\/tbody>\n<\/table>\n<table style=\"border: 0px;width: 100%\">\n<tbody>\n<tr>\n<td style=\"width: 50%\">\n<div id=\"attachment_47729\" style=\"width: 160px\" class=\"wp-caption aligncenter\"><a href=\"https:\/\/audiovisuales.umh.es\/consulta-audiovisual\/pages\/detalleContenido.xhtml?idContenido=604365\" target=\"_blank\" rel=\"noopener noreferrer\"><img aria-describedby=\"caption-attachment-47729\" loading=\"lazy\" class=\"wp-image-47729 size-thumbnail\" src=\"https:\/\/registro.umh.es\/files\/2021\/06\/Llu\u00eds-Esteve-Casellas-150x150.jpg\" alt=\"Llu\u00eds Casellas\" width=\"150\" height=\"150\"><\/a><p id=\"caption-attachment-47729\" class=\"wp-caption-text\">&nbsp;<\/p><\/div>\n<p><div id=\"attachment_47744\" style=\"width: 59px\" class=\"wp-caption aligncenter\"><a href=\"https:\/\/audiovisuales.umh.es\/consulta-audiovisual\/pages\/detalleContenido.xhtml?idContenido=604365\"><img aria-describedby=\"caption-attachment-47744\" loading=\"lazy\" class=\"wp-image-47744\" src=\"https:\/\/registro.umh.es\/files\/2021\/06\/play_auido-150x150.png\" alt=\"Clickar sobre la imagen para acceder a la entrevista\" width=\"49\" height=\"49\"><\/a><p id=\"caption-attachment-47744\" class=\"wp-caption-text\">&nbsp;<\/p><\/div><\/td>\n<td style=\"width: 50%\"><span style=\"color: #003366\"><strong>Llu\u00eds Esteve Casellas i Serra<\/strong><\/span> <span style=\"color: #003366\">Delegat de Protecci\u00f3 de Dades, cap de la Secci\u00f3 de Gesti\u00f3 Documental i Arxiu de l&#8217;Ajuntament de Girona. Autor d&#8217;un centenar de publicacions, les m\u00e9s recents sobre avaluaci\u00f3, dades obertes, transpar\u00e8ncia i gesti\u00f3 de dades des del punt de vista arxiv\u00edstic.<\/span><\/p>\n<p><span style=\"color: #003366\"><em>\u201cM\u00e9s enll\u00e0 que l&#8217;arxiu siga testimoniatge i mem\u00f2ria, tamb\u00e9 \u00e9s, cada vegada m\u00e9s, drets i obligacions, com a instrument d&#8217;apoderament de la societat\u201d.<\/em><\/span><\/td>\n<\/tr>\n<\/tbody>\n<\/table>\n<table style=\"border: 0px;width: 100%\">\n<tbody>\n<tr>\n<td style=\"width: 50%\"><span style=\"color: #003366\"><strong>Rebeca S\u00e1nchez Romero<\/strong><\/span> <span style=\"color: #003366\">Coordinadora del Servei de Biblioteques i Arxius del Consell Superior d&#8217;Investigacions Cient\u00edfiques en la seua Delegaci\u00f3 de la Comunitat Valenciana, corresponsable dels Arxius Hist\u00f2rics del CSIC en l&#8217;Unitat de Recursos d&#8217;Informaci\u00f3 Cient\u00edfica (URICI), junt amb Juan Pedro L\u00f3pez.<\/span><\/p>\n<p>&nbsp;<span style=\"color: #003366\"><em>\u201cUn arxiu no sols \u00e9s un dep\u00f2sit de documents, un arxiu, \u00e9s una instituci\u00f3 que conserva la mem\u00f2ria i la informaci\u00f3 de la societat\u201d.<\/em><\/span><\/td>\n<td style=\"width: 50%\">\n<div id=\"attachment_47735\" style=\"width: 160px\" class=\"wp-caption aligncenter\"><a href=\"https:\/\/audiovisuales.umh.es\/consulta-audiovisual\/pages\/detalleContenido.xhtml?idContenido=604366\" target=\"_blank\" rel=\"noopener noreferrer\"><img aria-describedby=\"caption-attachment-47735\" loading=\"lazy\" class=\"wp-image-47735 size-thumbnail\" src=\"https:\/\/registro.umh.es\/files\/2021\/06\/rebeca-sanchez-150x150.jpg\" alt=\"Rebeca S\u00e1nchez\" width=\"150\" height=\"150\"><\/a><p id=\"caption-attachment-47735\" class=\"wp-caption-text\">&nbsp;<\/p><\/div>\n<p><a href=\"https:\/\/audiovisuales.umh.es\/consulta-audiovisual\/pages\/detalleContenido.xhtml?idContenido=604366\"><img loading=\"lazy\" class=\"wp-image-47744\" src=\"https:\/\/registro.umh.es\/files\/2021\/06\/play_auido-150x150.png\" alt=\"Clickar sobre la imagen para acceder a la entrevista\" width=\"49\" height=\"49\"><\/a><\/td>\n<\/tr>\n<\/tbody>\n<\/table>\n<p><\/p>\n<div class='bookmarkify'><a name='bookmarkify'><\/a><div class='linkbuttons'><a href='http:\/\/www.facebook.com\/share.php?u=https:\/\/smca.umh.es\/ca\/2021\/06\/08\/dia-internacional-de-los-archivos-2021\/' title='Save to Facebook' onclick='target=\"_blank\";' rel='nofollow'><img src='https:\/\/smca.umh.es\/wp-content\/plugins\/bookmarkify\/facebook.png' style='width:16px; height:16px;' alt='[Facebook] ' \/><\/a> <a href='http:\/\/www.google.com\/bookmarks\/mark?op=edit&amp;output=popup&amp;bkmk=https:\/\/smca.umh.es\/ca\/2021\/06\/08\/dia-internacional-de-los-archivos-2021\/&amp;title=Dia Internacional dels Arxius 2021' title='Save to Google Bookmarks' onclick='target=\"_blank\";' rel='nofollow'><img src='https:\/\/smca.umh.es\/wp-content\/plugins\/bookmarkify\/google.png' style='width:16px; height:16px;' alt='[Google] ' \/><\/a> <a href='http:\/\/www.linkedin.com\/shareArticle?mini=true&url=https:\/\/smca.umh.es\/ca\/2021\/06\/08\/dia-internacional-de-los-archivos-2021\/&title=Dia Internacional dels Arxius 2021' title='Share on LinkedIn' onclick='target=\"_blank\";' rel='nofollow'><img src='https:\/\/smca.umh.es\/wp-content\/plugins\/bookmarkify\/linkedin.png' style='width:16px; height:16px;' alt='[LinkedIn] ' \/><\/a> <a href='http:\/\/twitter.com\/home\/?status=Dia Internacional dels Arxius 2021+https:\/\/smca.umh.es\/ca\/2021\/06\/08\/dia-internacional-de-los-archivos-2021\/' title='Save to Twitter' onclick='target=\"_blank\";' rel='nofollow'><img src='https:\/\/smca.umh.es\/wp-content\/plugins\/bookmarkify\/twitter.png' style='width:16px; height:16px;' alt='[Twitter] ' \/><\/a> <\/div><\/div>","protected":false},"excerpt":{"rendered":"<p>&nbsp;<br \/>\nSetmana Internacional dels Arxius 2021 #EmpoweringArchives, 7 a 11 de juny<br \/>\n&nbsp;<br \/>\n&#8220;Els arxius custodien decisions, actuacions i mem\u00f2ria. Els arxius conserven un patrimoni \u00fanic i irreempla\u00e7able que es transmet de generaci\u00f3 en generaci\u00f3. Els documents s\u00f3n gestionats en els arxius des del seu origen per a preservar el seu valor i el seu significat. Els documents [&#8230;]<\/p>\n","protected":false},"author":416,"featured_media":0,"comment_status":"closed","ping_status":"open","sticky":false,"template":"","format":"standard","meta":{"ngg_post_thumbnail":0,"_links_to":"","_links_to_target":""},"categories":[2635],"tags":[],"_links":{"self":[{"href":"https:\/\/smca.umh.es\/ca\/wp-json\/wp\/v2\/posts\/47998"}],"collection":[{"href":"https:\/\/smca.umh.es\/ca\/wp-json\/wp\/v2\/posts"}],"about":[{"href":"https:\/\/smca.umh.es\/ca\/wp-json\/wp\/v2\/types\/post"}],"author":[{"embeddable":true,"href":"https:\/\/smca.umh.es\/ca\/wp-json\/wp\/v2\/users\/416"}],"replies":[{"embeddable":true,"href":"https:\/\/smca.umh.es\/ca\/wp-json\/wp\/v2\/comments?post=47998"}],"version-history":[{"count":0,"href":"https:\/\/smca.umh.es\/ca\/wp-json\/wp\/v2\/posts\/47998\/revisions"}],"wp:attachment":[{"href":"https:\/\/smca.umh.es\/ca\/wp-json\/wp\/v2\/media?parent=47998"}],"wp:term":[{"taxonomy":"category","embeddable":true,"href":"https:\/\/smca.umh.es\/ca\/wp-json\/wp\/v2\/categories?post=47998"},{"taxonomy":"post_tag","embeddable":true,"href":"https:\/\/smca.umh.es\/ca\/wp-json\/wp\/v2\/tags?post=47998"}],"curies":[{"name":"wp","href":"https:\/\/api.w.org\/{rel}","templated":true}]}}