{"id":48178,"date":"2022-02-07T14:10:52","date_gmt":"2022-02-07T13:10:52","guid":{"rendered":"https:\/\/smca.umh.es\/?p=48178"},"modified":"2022-03-25T14:18:24","modified_gmt":"2022-03-25T13:18:24","slug":"creacion-de-la-comision-de-valoracion-documental-para-las-universidades-publicas-de-la-comunitat-valenciana","status":"publish","type":"post","link":"https:\/\/smca.umh.es\/ca\/2022\/02\/07\/creacion-de-la-comision-de-valoracion-documental-para-las-universidades-publicas-de-la-comunitat-valenciana\/","title":{"rendered":"Creaci\u00f3 de la Comissi\u00f3 de Valoraci\u00f3 Documental per a les Universitats P\u00fabliques de la Comunitat Valenciana"},"content":{"rendered":"<p><\/p>\n<p>La Conselleria d&#8217;Educaci\u00f3, Cultura i Esport de la Generalitat Valenciana ha creat la Comissi\u00f3 de Valoraci\u00f3 Documental per a les universitats p\u00fabliques de la Comunitat Valenciana, de les quals forma part la Universitat Miguel Hern\u00e1ndez (UMH) d&#8217;Elx. Aquesta Comissi\u00f3 conjuminar\u00e0 esfor\u00e7os a l&#8217;hora de valorar les s\u00e8ries documentals relatives a les universitats p\u00fabliques valencianes, ja que la documentaci\u00f3 generada en cadascuna de les organitzacions \u00e9s semblant i la posada en com\u00fa dels estudis de s\u00e8ries particulars de cadascuna permetr\u00e0 unificar el criteri de tractament i valoraci\u00f3 del patrimoni documental de totes elles.<\/p>\n<p>A m\u00e9s de la UMH, s&#8217;adhereixen a aquesta iniciativa la Universitat d&#8217;Alacant, la Universitat Polit\u00e8cnica de Val\u00e8ncia, la Universitat de Val\u00e8ncia-Estudi General i la Universitat Jaume I. Mitjan\u00e7ant la publicaci\u00f3 de la Resoluci\u00f3 d&#8217;1 de febrer de 2022 de la Conselleria d&#8217;Educaci\u00f3, Cultura i Esport, amb data de 4 de febrer de 2022 del Diari Oficial de la Generalitat Valenciana, es fa realitat una antiga aspiraci\u00f3 dels responsables dels arxius de les universitats valencianes, una comissi\u00f3 que estar\u00e0 formada pel president, un secretari i tres vocals.<\/p>\n<p>El president ser\u00e0 un funcionari que exercisca la direcci\u00f3 d&#8217;algun dels arxius de les Universitats P\u00fabliques Valencianes. El secretari ser\u00e0 el funcionari que exercisca les funcions de secretari de la Junta Qualificadora de Documents Administratius. Els tres vocals seran funcionaris de les universitats de l&#8217;administraci\u00f3 especial d&#8217;arxius. La comissi\u00f3 podr\u00e0 convocar a assessors en q\u00fcestions jur\u00eddiques, administratives, t\u00e8cniques i hist\u00f2riques que crega convenient amb veu, per\u00f2 sense vot. El naixement d&#8217;aquesta Comissi\u00f3 denota la labor de col\u00b7laboraci\u00f3 i coordinaci\u00f3 que es desenvolupa des de fa anys, entre tots els arxius generals de les universitats p\u00fabliques valencianes.<\/p>\n<p><a href=\"https:\/\/smca.umh.es\/files\/2022\/03\/07-02-22-comision-documentacion-e1644229386230.jpg\"><img loading=\"lazy\" class=\"aligncenter size-medium wp-image-48181\" src=\"https:\/\/smca.umh.es\/files\/2022\/03\/07-02-22-comision-documentacion-e1644229386230-300x225.jpg\" alt=\"\" width=\"300\" height=\"225\" srcset=\"https:\/\/smca.umh.es\/files\/2022\/03\/07-02-22-comision-documentacion-e1644229386230-300x225.jpg 300w, https:\/\/smca.umh.es\/files\/2022\/03\/07-02-22-comision-documentacion-e1644229386230-1024x769.jpg 1024w, https:\/\/smca.umh.es\/files\/2022\/03\/07-02-22-comision-documentacion-e1644229386230-768x577.jpg 768w, https:\/\/smca.umh.es\/files\/2022\/03\/07-02-22-comision-documentacion-e1644229386230.jpg 1287w\" sizes=\"(max-width: 300px) 100vw, 300px\" \/><\/a><\/p>\n<p><\/p>\n<div class='bookmarkify'><a name='bookmarkify'><\/a><div class='linkbuttons'><a href='http:\/\/www.facebook.com\/share.php?u=https:\/\/smca.umh.es\/ca\/2022\/02\/07\/creacion-de-la-comision-de-valoracion-documental-para-las-universidades-publicas-de-la-comunitat-valenciana\/' title='Save to Facebook' onclick='target=\"_blank\";' rel='nofollow'><img src='https:\/\/smca.umh.es\/wp-content\/plugins\/bookmarkify\/facebook.png' style='width:16px; height:16px;' alt='[Facebook] ' \/><\/a> <a href='http:\/\/www.google.com\/bookmarks\/mark?op=edit&amp;output=popup&amp;bkmk=https:\/\/smca.umh.es\/ca\/2022\/02\/07\/creacion-de-la-comision-de-valoracion-documental-para-las-universidades-publicas-de-la-comunitat-valenciana\/&amp;title=Creaci\u00f3 de la Comissi\u00f3 de Valoraci\u00f3 Documental per a les Universitats P\u00fabliques de la Comunitat Valenciana' title='Save to Google Bookmarks' onclick='target=\"_blank\";' rel='nofollow'><img src='https:\/\/smca.umh.es\/wp-content\/plugins\/bookmarkify\/google.png' style='width:16px; height:16px;' alt='[Google] ' \/><\/a> <a href='http:\/\/www.linkedin.com\/shareArticle?mini=true&url=https:\/\/smca.umh.es\/ca\/2022\/02\/07\/creacion-de-la-comision-de-valoracion-documental-para-las-universidades-publicas-de-la-comunitat-valenciana\/&title=Creaci\u00f3 de la Comissi\u00f3 de Valoraci\u00f3 Documental per a les Universitats P\u00fabliques de la Comunitat Valenciana' title='Share on LinkedIn' onclick='target=\"_blank\";' rel='nofollow'><img src='https:\/\/smca.umh.es\/wp-content\/plugins\/bookmarkify\/linkedin.png' style='width:16px; height:16px;' alt='[LinkedIn] ' \/><\/a> <a href='http:\/\/twitter.com\/home\/?status=Creaci\u00f3 de la Comissi\u00f3 de Valoraci\u00f3 Documental per a les Universitats P\u00fabliques de la Comunitat Valenciana+https:\/\/smca.umh.es\/ca\/2022\/02\/07\/creacion-de-la-comision-de-valoracion-documental-para-las-universidades-publicas-de-la-comunitat-valenciana\/' title='Save to Twitter' onclick='target=\"_blank\";' rel='nofollow'><img src='https:\/\/smca.umh.es\/wp-content\/plugins\/bookmarkify\/twitter.png' style='width:16px; height:16px;' alt='[Twitter] ' \/><\/a> <\/div><\/div>","protected":false},"excerpt":{"rendered":"<p>La Conselleria d&#8217;Educaci\u00f3, Cultura i Esport de la Generalitat Valenciana ha creat la Comissi\u00f3 de Valoraci\u00f3 Documental per a les universitats p\u00fabliques de la Comunitat Valenciana, de les quals forma part la Universitat Miguel Hern\u00e1ndez (UMH) d&#8217;Elx. Aquesta Comissi\u00f3 conjuminar\u00e0 esfor\u00e7os a l&#8217;hora de valorar les s\u00e8ries documentals relatives a les universitats p\u00fabliques valencianes, ja [&#8230;]<\/p>\n","protected":false},"author":416,"featured_media":0,"comment_status":"closed","ping_status":"open","sticky":false,"template":"","format":"standard","meta":{"ngg_post_thumbnail":0,"_links_to":"","_links_to_target":""},"categories":[2635],"tags":[],"_links":{"self":[{"href":"https:\/\/smca.umh.es\/ca\/wp-json\/wp\/v2\/posts\/48178"}],"collection":[{"href":"https:\/\/smca.umh.es\/ca\/wp-json\/wp\/v2\/posts"}],"about":[{"href":"https:\/\/smca.umh.es\/ca\/wp-json\/wp\/v2\/types\/post"}],"author":[{"embeddable":true,"href":"https:\/\/smca.umh.es\/ca\/wp-json\/wp\/v2\/users\/416"}],"replies":[{"embeddable":true,"href":"https:\/\/smca.umh.es\/ca\/wp-json\/wp\/v2\/comments?post=48178"}],"version-history":[{"count":0,"href":"https:\/\/smca.umh.es\/ca\/wp-json\/wp\/v2\/posts\/48178\/revisions"}],"wp:attachment":[{"href":"https:\/\/smca.umh.es\/ca\/wp-json\/wp\/v2\/media?parent=48178"}],"wp:term":[{"taxonomy":"category","embeddable":true,"href":"https:\/\/smca.umh.es\/ca\/wp-json\/wp\/v2\/categories?post=48178"},{"taxonomy":"post_tag","embeddable":true,"href":"https:\/\/smca.umh.es\/ca\/wp-json\/wp\/v2\/tags?post=48178"}],"curies":[{"name":"wp","href":"https:\/\/api.w.org\/{rel}","templated":true}]}}